{"id":2790,"date":"2020-06-09T19:19:31","date_gmt":"2020-06-09T19:19:31","guid":{"rendered":"https:\/\/smyal.org\/?post_type=news&amp;p=2790"},"modified":"2020-06-09T19:19:31","modified_gmt":"2020-06-09T19:19:31","slug":"blm","status":"publish","type":"news","link":"https:\/\/smyal.org\/es\/news\/blm\/","title":{"rendered":"Una declaraci\u00f3n de SMYAL en solidaridad con Black Lives Matter"},"content":{"rendered":"<p><strong>Los acontecimientos de las \u00faltimas semanas han sido un crudo recordatorio del dolor, la discriminaci\u00f3n y la muerte que han enfrentado los negros desde la fundaci\u00f3n de este pa\u00eds.<\/strong> Las muertes de George Floyd, Breonna Taylor, Tony McDade e innumerables personas negras conocidas y desconocidas no son casos aislados de violencia policial. El dolor que nuestra comunidad siente ahora no es desconocido. Como alguien cuya historia familiar se remonta a la esclavitud, las generaciones de dolor son reales.<\/p>\n<p><strong>SMYAL condena el uso excesivo de la fuerza empleada por la polic\u00eda contra manifestantes pac\u00edficos en Washington, DC y en todo el pa\u00eds, y apoyamos el movimiento Black Lives Matter.<\/strong>\u00a0 Apoyamos los crecientes llamados a desinvertir en las fuerzas policiales que repetidamente han victimizado a los negros, incluidos los negros queer y trans, y en su lugar invertir en la construcci\u00f3n de comunidades m\u00e1s fuertes. Apoyamos el trabajo con l\u00edderes locales para brindar acceso a viviendas asequibles, atenci\u00f3n de salud f\u00edsica y mental, escuelas seguras y otras iniciativas comunitarias que sean soluciones basadas en evidencia que realmente promuevan la seguridad y el bienestar de las comunidades negras.<\/p>\n<p><strong>Adem\u00e1s de solidarizarse con estas llamadas, SMYAL est\u00e1 examinando activamente nuestra relaci\u00f3n actual con el Departamento de Polic\u00eda Metropolitana e invertir\u00e1 en capacitaci\u00f3n para reducir la tensi\u00f3n para nuestro personal para que llamar a la polic\u00eda siga siendo el \u00faltimo recurso en nuestros centros juveniles.<\/strong><\/p>\n<p>Sabemos que muchos de los organizadores de las recientes protestas de Black Lives Matter son j\u00f3venes y los alentamos y animamos a que hagan o\u00edr su voz. En SMYAL, buscamos garantizar que los j\u00f3venes queer y trans tengan el espacio, el apoyo y las herramientas que necesitan para sanar y crear un cambio positivo. <strong>Queremos que nuestros j\u00f3venes sepan que los vemos, los escuchamos y continuaremos apoyando el trabajo que realizan para defender la seguridad y la equidad de sus comunidades.<\/strong> A trav\u00e9s de SMYAL <a href=\"https:\/\/smyal.org\/es\/housing\/\" target=\"_blank\" rel=\"noopener noreferrer\">alojamiento<\/a>, <a href=\"https:\/\/smyal.org\/es\/virtualprograms\/\" target=\"_blank\" rel=\"noopener noreferrer\">entrar un momento<\/a>, <a href=\"https:\/\/smyal.org\/es\/youth\/activist-camp\/\" target=\"_blank\" rel=\"noopener noreferrer\">liderazgo<\/a>, y una variedad de <a href=\"https:\/\/smyal.org\/es\/youth\/\" target=\"_blank\" rel=\"noopener noreferrer\">otros programas<\/a>, nuestro objetivo es continuar elevando, amplificando y centrando las voces de los j\u00f3venes negros queer y trans en toda el \u00e1rea del DMV.<\/p>\n<p>Nuestra esperanza es que, al duplicar nuestra misi\u00f3n de empoderar a los j\u00f3venes, ayudemos a crear una sociedad en la que los negros no tengan que pedir solidaridad s\u00f3lo para mantenerse con vida, una sociedad en la que nuestras vidas importen.<\/p>\n<p><strong>Las vidas de los negros son importantes.<\/strong><\/p>\n<p>En respuesta directa a las acciones colectivas frente a la brutalidad policial, estamos brindando espacios de apoyo para j\u00f3venes negros queer y trans. Adem\u00e1s, estamos brindando espacios para j\u00f3venes de color no negros y j\u00f3venes blancos que quieran solidarizarse y apoyar a sus pares negros. Por favor cont\u00e1ctenos al <a href=\"mailto:programs@smyal.org\" target=\"_blank\" rel=\"noopener noreferrer\" data-link-type=\"email\">programs@smyal.org<\/a> para informacion adicional.<\/p>\n<p><strong>El sistema actual no protege ni sirve a nuestras comunidades negras. Esperamos que se una a nosotros para ayudar a nuestra juventud a cambiarlo.\u00a0<\/strong><\/p>\n<p><strong>Para los j\u00f3venes que necesitan apoyo en este momento, SMYAL est\u00e1 aqu\u00ed para ayudarlo.<\/strong> Seguimos ofreciendo espacios de apoyo diarios para j\u00f3venes queer y trans. Puedes aprender m\u00e1s <a href=\"https:\/\/smyal.org\/es\/virtualprograms\/virtual-programming\/\" target=\"_blank\" rel=\"noopener noreferrer\" data-link-type=\"web\">aqu\u00ed<\/a>.<\/p>\n<p>En Solidaridad y Fuerza,<\/p>\n<p><a href=\"https:\/\/smyal.org\/es\/news\/blm\/sultan-signature-full\/\" rel=\"attachment wp-att-2791\"><img decoding=\"async\" class=\"alignnone wp-image-2791\" src=\"https:\/\/smyal.org\/wp-content\/uploads\/2020\/06\/sultan-signature-full-300x96.png\" alt=\"\" width=\"238\" height=\"76\" \/><\/a><br \/>\nSult\u00e1n Shakir<br \/>\nDirector ejecutivo<\/p>\n<p>*<em>Aprecio y honro las contribuciones del personal de SMYAL y de los j\u00f3venes becarios al escribir esta declaraci\u00f3n.<\/em><\/p>","protected":false},"featured_media":0,"template":"","meta":{"_exactmetrics_skip_tracking":false,"_exactmetrics_sitenote_active":false,"_exactmetrics_sitenote_note":"","_exactmetrics_sitenote_category":0,"_links_to":"","_links_to_target":""},"class_list":["post-2790","news","type-news","status-publish","hentry","entry"],"yoast_head":"<!-- This site is optimized with the Yoast SEO plugin v27.5 - https:\/\/yoast.com\/product\/yoast-seo-wordpress\/ -->\n<title>A Statement from SMYAL in Solidarity with Black Lives Matter - SMYAL<\/title>\n<meta name=\"robots\" content=\"index, follow, max-snippet:-1, max-image-preview:large, max-video-preview:-1\" \/>\n<link rel=\"canonical\" href=\"https:\/\/smyal.org\/es\/news\/blm\/\" \/>\n<meta property=\"og:locale\" content=\"es_MX\" \/>\n<meta property=\"og:type\" content=\"article\" \/>\n<meta property=\"og:title\" content=\"A Statement from SMYAL in Solidarity with Black Lives Matter - SMYAL\" \/>\n<meta property=\"og:description\" content=\"The events of the past few weeks have been a stark reminder of the pain, discrimination, and death that Black people have faced since the founding of this country. The&hellip; Seguir leyendo A Statement from SMYAL in Solidarity with Black Lives Matter\" \/>\n<meta property=\"og:url\" content=\"https:\/\/smyal.org\/es\/news\/blm\/\" \/>\n<meta property=\"og:site_name\" content=\"SMYAL\" \/>\n<meta property=\"og:image\" content=\"https:\/\/smyal.org\/wp-content\/uploads\/2020\/06\/sultan-signature-full-300x96.png\" \/>\n<meta name=\"twitter:card\" content=\"summary_large_image\" \/>\n<meta name=\"twitter:label1\" content=\"Tiempo de lectura\" \/>\n\t<meta name=\"twitter:data1\" content=\"3 minutos\" \/>\n<script type=\"application\/ld+json\" class=\"yoast-schema-graph\">{\"@context\":\"https:\\\/\\\/schema.org\",\"@graph\":[{\"@type\":\"WebPage\",\"@id\":\"https:\\\/\\\/smyal.org\\\/news\\\/blm\\\/\",\"url\":\"https:\\\/\\\/smyal.org\\\/news\\\/blm\\\/\",\"name\":\"A Statement from SMYAL in Solidarity with Black Lives Matter - SMYAL\",\"isPartOf\":{\"@id\":\"https:\\\/\\\/smyal.org\\\/#website\"},\"primaryImageOfPage\":{\"@id\":\"https:\\\/\\\/smyal.org\\\/news\\\/blm\\\/#primaryimage\"},\"image\":{\"@id\":\"https:\\\/\\\/smyal.org\\\/news\\\/blm\\\/#primaryimage\"},\"thumbnailUrl\":\"https:\\\/\\\/smyal.org\\\/wp-content\\\/uploads\\\/2020\\\/06\\\/sultan-signature-full-300x96.png\",\"datePublished\":\"2020-06-09T19:19:31+00:00\",\"breadcrumb\":{\"@id\":\"https:\\\/\\\/smyal.org\\\/news\\\/blm\\\/#breadcrumb\"},\"inLanguage\":\"es\",\"potentialAction\":[{\"@type\":\"ReadAction\",\"target\":[\"https:\\\/\\\/smyal.org\\\/news\\\/blm\\\/\"]}]},{\"@type\":\"ImageObject\",\"inLanguage\":\"es\",\"@id\":\"https:\\\/\\\/smyal.org\\\/news\\\/blm\\\/#primaryimage\",\"url\":\"https:\\\/\\\/smyal.org\\\/wp-content\\\/uploads\\\/2020\\\/06\\\/sultan-signature-full-300x96.png\",\"contentUrl\":\"https:\\\/\\\/smyal.org\\\/wp-content\\\/uploads\\\/2020\\\/06\\\/sultan-signature-full-300x96.png\"},{\"@type\":\"BreadcrumbList\",\"@id\":\"https:\\\/\\\/smyal.org\\\/news\\\/blm\\\/#breadcrumb\",\"itemListElement\":[{\"@type\":\"ListItem\",\"position\":1,\"name\":\"Home\",\"item\":\"https:\\\/\\\/smyal.org\\\/\"},{\"@type\":\"ListItem\",\"position\":2,\"name\":\"A Statement from SMYAL in Solidarity with Black Lives Matter\"}]},{\"@type\":\"WebSite\",\"@id\":\"https:\\\/\\\/smyal.org\\\/#website\",\"url\":\"https:\\\/\\\/smyal.org\\\/\",\"name\":\"SMYAL\",\"description\":\"\",\"publisher\":{\"@id\":\"https:\\\/\\\/smyal.org\\\/#organization\"},\"potentialAction\":[{\"@type\":\"SearchAction\",\"target\":{\"@type\":\"EntryPoint\",\"urlTemplate\":\"https:\\\/\\\/smyal.org\\\/?s={search_term_string}\"},\"query-input\":{\"@type\":\"PropertyValueSpecification\",\"valueRequired\":true,\"valueName\":\"search_term_string\"}}],\"inLanguage\":\"es\"},{\"@type\":\"Organization\",\"@id\":\"https:\\\/\\\/smyal.org\\\/#organization\",\"name\":\"SMYAL\",\"url\":\"https:\\\/\\\/smyal.org\\\/\",\"logo\":{\"@type\":\"ImageObject\",\"inLanguage\":\"es\",\"@id\":\"https:\\\/\\\/smyal.org\\\/#\\\/schema\\\/logo\\\/image\\\/\",\"url\":\"https:\\\/\\\/smyal.org\\\/wp-content\\\/uploads\\\/2024\\\/06\\\/cropped-SMYAL-Logo-300x300-Transparent-Background.png\",\"contentUrl\":\"https:\\\/\\\/smyal.org\\\/wp-content\\\/uploads\\\/2024\\\/06\\\/cropped-SMYAL-Logo-300x300-Transparent-Background.png\",\"width\":300,\"height\":157,\"caption\":\"SMYAL\"},\"image\":{\"@id\":\"https:\\\/\\\/smyal.org\\\/#\\\/schema\\\/logo\\\/image\\\/\"}}]}<\/script>\n<!-- \/ Yoast SEO plugin. -->","yoast_head_json":{"title":"A Statement from SMYAL in Solidarity with Black Lives Matter - SMYAL","robots":{"index":"index","follow":"follow","max-snippet":"max-snippet:-1","max-image-preview":"max-image-preview:large","max-video-preview":"max-video-preview:-1"},"canonical":"https:\/\/smyal.org\/es\/news\/blm\/","og_locale":"es_MX","og_type":"article","og_title":"A Statement from SMYAL in Solidarity with Black Lives Matter - SMYAL","og_description":"The events of the past few weeks have been a stark reminder of the pain, discrimination, and death that Black people have faced since the founding of this country. The&hellip; Seguir leyendo A Statement from SMYAL in Solidarity with Black Lives Matter","og_url":"https:\/\/smyal.org\/es\/news\/blm\/","og_site_name":"SMYAL","og_image":[{"url":"https:\/\/smyal.org\/wp-content\/uploads\/2020\/06\/sultan-signature-full-300x96.png","type":"","width":"","height":""}],"twitter_card":"summary_large_image","twitter_misc":{"Tiempo de lectura":"3 minutos"},"schema":{"@context":"https:\/\/schema.org","@graph":[{"@type":"WebPage","@id":"https:\/\/smyal.org\/news\/blm\/","url":"https:\/\/smyal.org\/news\/blm\/","name":"A Statement from SMYAL in Solidarity with Black Lives Matter - SMYAL","isPartOf":{"@id":"https:\/\/smyal.org\/#website"},"primaryImageOfPage":{"@id":"https:\/\/smyal.org\/news\/blm\/#primaryimage"},"image":{"@id":"https:\/\/smyal.org\/news\/blm\/#primaryimage"},"thumbnailUrl":"https:\/\/smyal.org\/wp-content\/uploads\/2020\/06\/sultan-signature-full-300x96.png","datePublished":"2020-06-09T19:19:31+00:00","breadcrumb":{"@id":"https:\/\/smyal.org\/news\/blm\/#breadcrumb"},"inLanguage":"es","potentialAction":[{"@type":"ReadAction","target":["https:\/\/smyal.org\/news\/blm\/"]}]},{"@type":"ImageObject","inLanguage":"es","@id":"https:\/\/smyal.org\/news\/blm\/#primaryimage","url":"https:\/\/smyal.org\/wp-content\/uploads\/2020\/06\/sultan-signature-full-300x96.png","contentUrl":"https:\/\/smyal.org\/wp-content\/uploads\/2020\/06\/sultan-signature-full-300x96.png"},{"@type":"BreadcrumbList","@id":"https:\/\/smyal.org\/news\/blm\/#breadcrumb","itemListElement":[{"@type":"ListItem","position":1,"name":"Home","item":"https:\/\/smyal.org\/"},{"@type":"ListItem","position":2,"name":"A Statement from SMYAL in Solidarity with Black Lives Matter"}]},{"@type":"WebSite","@id":"https:\/\/smyal.org\/#website","url":"https:\/\/smyal.org\/","name":"SMYAL","description":"","publisher":{"@id":"https:\/\/smyal.org\/#organization"},"potentialAction":[{"@type":"SearchAction","target":{"@type":"EntryPoint","urlTemplate":"https:\/\/smyal.org\/?s={search_term_string}"},"query-input":{"@type":"PropertyValueSpecification","valueRequired":true,"valueName":"search_term_string"}}],"inLanguage":"es"},{"@type":"Organization","@id":"https:\/\/smyal.org\/#organization","name":"SMYAL","url":"https:\/\/smyal.org\/","logo":{"@type":"ImageObject","inLanguage":"es","@id":"https:\/\/smyal.org\/#\/schema\/logo\/image\/","url":"https:\/\/smyal.org\/wp-content\/uploads\/2024\/06\/cropped-SMYAL-Logo-300x300-Transparent-Background.png","contentUrl":"https:\/\/smyal.org\/wp-content\/uploads\/2024\/06\/cropped-SMYAL-Logo-300x300-Transparent-Background.png","width":300,"height":157,"caption":"SMYAL"},"image":{"@id":"https:\/\/smyal.org\/#\/schema\/logo\/image\/"}}]}},"_links":{"self":[{"href":"https:\/\/smyal.org\/es\/wp-json\/wp\/v2\/news\/2790","targetHints":{"allow":["GET"]}}],"collection":[{"href":"https:\/\/smyal.org\/es\/wp-json\/wp\/v2\/news"}],"about":[{"href":"https:\/\/smyal.org\/es\/wp-json\/wp\/v2\/types\/news"}],"wp:attachment":[{"href":"https:\/\/smyal.org\/es\/wp-json\/wp\/v2\/media?parent=2790"}],"curies":[{"name":"wp","href":"https:\/\/api.w.org\/{rel}","templated":true}]}}